

{"id":1034,"date":"2009-02-26T10:25:48","date_gmt":"2009-02-26T09:25:48","guid":{"rendered":"http:\/\/www.zohnertheater.ch\/amberroad\/?p=1034&amp;language=de"},"modified":"2009-02-26T10:25:48","modified_gmt":"2009-02-26T09:25:48","slug":"deutsch-tag-71-240209-pause-in-valasske-mezirici","status":"publish","type":"post","link":"http:\/\/www.zohnertheater.ch\/amberroad\/deutsch-tag-71-240209-pause-in-valasske-mezirici\/","title":{"rendered":"[lang_de]Tag 71: 24.02.09 Pause in Vala\u0161sk\u00e9 Mezi\u0159\u00ed\u010d\u00ed [\/lang_de][lang_zh]Tag 71: 24.02.09 Pause in Vala\u0161sk\u00e9 Mezi\u0159\u00ed\u010d\u00ed [\/lang_zh]"},"content":{"rendered":"<p>[lang_en][\/lang_en]<\/p>\n","protected":false},"excerpt":{"rendered":"<p>[lang_en][\/lang_en]<\/p>\n","protected":false},"author":2,"featured_media":0,"comment_status":"open","ping_status":"open","sticky":false,"template":"","format":"standard","meta":{"footnotes":""},"categories":[10],"tags":[],"_links":{"self":[{"href":"http:\/\/www.zohnertheater.ch\/amberroad\/wp-json\/wp\/v2\/posts\/1034"}],"collection":[{"href":"http:\/\/www.zohnertheater.ch\/amberroad\/wp-json\/wp\/v2\/posts"}],"about":[{"href":"http:\/\/www.zohnertheater.ch\/amberroad\/wp-json\/wp\/v2\/types\/post"}],"author":[{"embeddable":true,"href":"http:\/\/www.zohnertheater.ch\/amberroad\/wp-json\/wp\/v2\/users\/2"}],"replies":[{"embeddable":true,"href":"http:\/\/www.zohnertheater.ch\/amberroad\/wp-json\/wp\/v2\/comments?post=1034"}],"version-history":[{"count":2,"href":"http:\/\/www.zohnertheater.ch\/amberroad\/wp-json\/wp\/v2\/posts\/1034\/revisions"}],"predecessor-version":[{"id":1036,"href":"http:\/\/www.zohnertheater.ch\/amberroad\/wp-json\/wp\/v2\/posts\/1034\/revisions\/1036"}],"wp:attachment":[{"href":"http:\/\/www.zohnertheater.ch\/amberroad\/wp-json\/wp\/v2\/media?parent=1034"}],"wp:term":[{"taxonomy":"category","embeddable":true,"href":"http:\/\/www.zohnertheater.ch\/amberroad\/wp-json\/wp\/v2\/categories?post=1034"},{"taxonomy":"post_tag","embeddable":true,"href":"http:\/\/www.zohnertheater.ch\/amberroad\/wp-json\/wp\/v2\/tags?post=1034"}],"curies":[{"name":"wp","href":"https:\/\/api.w.org\/{rel}","templated":true}]}}